{"id":9308,"date":"2020-05-11T16:53:10","date_gmt":"2020-05-11T14:53:10","guid":{"rendered":"https:\/\/eudoxiemotorcycles.com\/?p=9308"},"modified":"2020-05-11T16:53:10","modified_gmt":"2020-05-11T14:53:10","slug":"fotoshooting-tag-mit-dem-eudoxie-team","status":"publish","type":"post","link":"https:\/\/eudoxie.shop\/de\/jour-de-photoshoot-avec-lequipe-eudoxie\/","title":{"rendered":"Fotoshooting-Tag mit Eudoxie"},"content":{"rendered":"<div class=\"container section-title-container\" ><h2 class=\"section-title section-title-normal\"><b aria-hidden=\"true\"><\/b><span class=\"section-title-main\" >Neues Video von Eudoxie<\/span><b aria-hidden=\"true\"><\/b><\/h2><\/div>\n<h5 class=\"uppercase\">Bullet Time mit Eudoxie<\/h5>\n<p>Neues Fotoshooting f\u00fcr Eudoxie! Hergestellt mithilfe der Bullet-Time-Technik (bzw. Matrix-Effekt) mit mehr als 16 Kameras in Serie von Miguel Ramos im Atelier M. Marie, das Ihnen einen kleinen Vorgeschmack auf einige St\u00fccke der neuen Kollektion gibt. <a href=\"https:\/\/eudoxiemotorcycles.com\/catalogue\/t-shirts\/jersey-cross\/\" target=\"_blank\" rel=\"noopener\">Jersey<\/a>, <a href=\"https:\/\/eudoxiemotorcycles.com\/catalogue\/t-shirts\/t-shirt-bonnie-cintre-blanc\/\" target=\"_blank\" rel=\"noopener\">T-Shirt aus Bio-Baumwolle<\/a>, <a href=\"https:\/\/eudoxiemotorcycles.com\/catalogue\/t-shirts\/crop-top-eudoxie\/\" target=\"_blank\" rel=\"noopener\">bauchfreies Top<\/a>, <a href=\"https:\/\/eudoxiemotorcycles.com\/collection\/accessoires\/pins\/\" target=\"_blank\" rel=\"noopener\">pins<\/a> Und <a href=\"https:\/\/eudoxiemotorcycles.com\/catalogue\/veste-moto-femme\/veste-cuir-moto\/\" target=\"_blank\" rel=\"noopener\">Leder<\/a> Besuchen Sie unsere Site, um den Rest zu entdecken \u2026 <span style=\"font-weight: 400;\">Um mit Stil zu fahren, nimm dein Eudoxie-T-Shirt und starte dein Motorrad! Komm in unsere M\u00e4dels-Gang!<\/span><\/p>\n<p>Ein kurzer R\u00fcckblick auf den Tag aus der Sicht des Models, des Fotografen und des Studiochefs. Hier das Ergebnis: Macht richtig Spa\u00df und rockt! Wie wir es m\u00f6gen, ja! Vielen Dank euch Dreien f\u00fcr diesen tollen Tag!<\/p>\n<div class=\"video video-fit mb\" style=\"padding-top:56.25%;\"><p><iframe loading=\"lazy\" title=\"EUDOXIE - Bullet Time\" width=\"1020\" height=\"574\" src=\"https:\/\/www.youtube.com\/embed\/qZ1DgI8g04A?feature=oembed\" frameborder=\"0\" allow=\"accelerometer; autoplay; encrypted-media; gyroscope; picture-in-picture\" allowfullscreen><\/iframe><\/p>\n<\/div>\n<div class=\"container section-title-container\" ><h2 class=\"section-title section-title-normal\"><b aria-hidden=\"true\"><\/b><span class=\"section-title-main\" >Marie: das Model<\/span><b aria-hidden=\"true\"><\/b><\/h2><\/div>\n<h5 class=\"uppercase\">Hallo <a href=\"https:\/\/www.instagram.com\/m__harley\/\" target=\"_blank\" rel=\"noopener\">verheiratet<\/a> ! Wer bist du und woher kennst du Eudoxies T\u00f6chter?<\/h5>\n<p><i><span style=\"font-weight: 400;\">Ich studiere Marketing und bin 21 Jahre alt. Sie fragen sich vielleicht, wie ich bei einem Fotoshooting f\u00fcr Eudoxie gelandet bin, also werde ich es Ihnen erz\u00e4hlen! <\/span><\/i><i><span style=\"font-weight: 400;\">Angefangen hat alles letztes Jahr mit der Suche nach einem Praktikum zur Anerkennung meines Bachelorabschlusses. <\/span><\/i><i><span style=\"font-weight: 400;\">Ich habe die Anzeige f\u00fcr die Praktikumsstelle bei Eudoxie gesehen und mir gefielen sofort die Botschaft, das Universum und auch das Design der Kleidung!<\/span><\/i><\/p>\n<p><i><span style=\"font-weight: 400;\">Ich hatte das Gl\u00fcck, angenommen zu werden und durfte 6 Monate lang den Alltag mit Camille und Caro verbringen. Es war eine wirklich tolle Erfahrung. Ich habe eine Welt entdeckt, die mir v\u00f6llig unbekannt war, und es hat mir gro\u00dfen Spa\u00df gemacht, egal ob es um die Treffen, die Projekte oder die Kleidung ging. <\/span><\/i><span style=\"font-weight: 400;\">\ud83d\ude09<\/span><i><span style=\"font-weight: 400;\"> !\u00a0<\/span><\/i><\/p>\n<h5><b>EIN ABENTEUER, DAS SIE GEPR\u00c4GT HAT?<\/b><\/h5>\n<p><i><span style=\"font-weight: 400;\">Ich m\u00f6chte sagen, dass dieses Treffen vielleicht Schicksal ist, ahaha, denn schlie\u00dflich bin ich ein Jahr sp\u00e4ter immer noch ein bisschen Teil des Abenteuers. Ich muss noch meinen Motorradf\u00fchrerschein machen, aber das dauert nicht mehr lange! Ich versuche, sie auf meinem Niveau zu unterst\u00fctzen, und es macht mir jedes Mal Freude, sie wiederzusehen und zu sehen, wie sich Eudoxie weiterentwickelt!<\/span><\/i><\/p>\n<p><i><span style=\"font-weight: 400;\">Ich m\u00f6chte auch darauf hinweisen, dass sie diejenigen waren, die mir die Liebe zum Bier vermittelten, indem sie mich zu Festivals mit italienischen Rockern mitnahmen.\u00a0<\/span><\/i><span style=\"font-weight: 400;\">\ud83d\ude09<\/span><i><span style=\"font-weight: 400;\"> ahah, aber das ist nur eine Sache unter vielen, wir haben in diesen 6 Monaten viele verr\u00fcckte Geschichten erlebt!<\/span><\/i><\/p>\n<h5><b>WIE LANGE SIND SIE SCHON ALS MODELER t\u00e4tig?<\/b><\/h5>\n<p><i><span style=\"font-weight: 400;\">Ich interessiere mich seit letztem Jahr f\u00fcr das Modeln, eigentlich habe ich w\u00e4hrend meines Praktikums bei Eudoxie damit angefangen. Ich konnte mein erstes Shooting damit machen <a href=\"https:\/\/selfiesmag.com\/\" target=\"_blank\" rel=\"noopener\">Selfie&#039;s Mag<\/a> weil die M\u00e4dels so nett waren, mich fr\u00fcher gehen zu lassen, also nochmals vielen Dank, M\u00e4dels!<\/span><\/i><\/p>\n<p><i><span style=\"font-weight: 400;\">F\u00fcr diejenigen, die Selfie\u2018s nicht kennen: Es ist ein Modemagazin aus Bordeaux, das Amateurmodels einsetzt! <\/span><\/i><i><span style=\"font-weight: 400;\">Das Gute ist, dass wir alle dabei unterst\u00fctzt werden, Fortschritte zu machen. Wir organisieren Workshops, wir trainieren, wir lernen Tipps, um gute Ergebnisse zu erzielen usw. Es handelt sich also wirklich um einen proaktiven Ansatz, bei dem sich jeder einbringt!<\/span><\/i><\/p>\n<p><i><span style=\"font-weight: 400;\">Es ist eine Welt, die mich wirklich anzieht, und es ist unglaublich, einen Teil davon zu sehen. Die Ergebnisse sind wirklich beeindruckend und es gibt gro\u00dfartige Begegnungen, die ich in meinem t\u00e4glichen Leben nicht h\u00e4tte machen k\u00f6nnen.<\/span><\/i><\/p>\n<h5><b>WAS HABEN SIE GEDACHT?<\/b><b>E <\/b><b>DES TAGES?<\/b><\/h5>\n<p><i><span style=\"font-weight: 400;\">Zuerst war ich etwas eingesch\u00fcchtert, weil ich noch nie in einer anderen Umgebung als Selfies mit einem Rendering-Problem f\u00fcr eine Marke fotografiert hatte! <\/span><\/i><i><span style=\"font-weight: 400;\">Ich habe mich selbst ein wenig unter Druck gesetzt, aber ehrlich gesagt haben mich alle sofort beruhigt!<\/span><\/i><\/p>\n<p><i><span style=\"font-weight: 400;\">Miguel, der Fotograf, war super nett und hat mir wirklich geholfen, mich zu entspannen und loszulassen. Guillaume, der Besitzer von Atelier M, hatte den Raum, in dem ich mich umzog, geheizt. Vielen Dank daf\u00fcr, denn in der Garage war es eiskalt! <\/span><\/i><i><span style=\"font-weight: 400;\">Und Caro hat mich beruhigt und angeleitet! Sie schien mit dem Ergebnis zufrieden zu sein, was mich ebenfalls sehr motiviert hat! ICH<\/span><\/i><i><span style=\"font-weight: 400;\">Ich freue mich auf das n\u00e4chste Fotoshooting! ahaha!\u00a0<\/span><\/i><\/p>\n<h5><b>HATTEN SIE<\/b><b>EJA-SCHIESSEN<\/b><b>WIE W\u00c4RE ES MIT DER BULLET-TIME-TECHNIK?<\/b><\/h5>\n<p><i><span style=\"font-weight: 400;\">Bullet-Zeit? Nein, niemals! Das war eine Premiere und es war wirklich beeindruckend. Ich wusste zun\u00e4chst nicht so recht, welches der 16 f\u00fcr mich vorgesehenen Ger\u00e4te ich mir genauer ansehen sollte! Aber nach und nach habe ich mich zurechtgefunden! Ich hatte diese Art von Rendering bereits ein wenig auf Instagram gesehen und es war interessant, den Prozess im wirklichen Leben zu erleben und mir bewusst zu machen, wie viel Arbeit darin steckt!<\/span><\/i><\/p>\n<div class=\"is-divider divider clearfix\" ><\/div>\n<div class=\"container section-title-container\" ><h2 class=\"section-title section-title-normal\"><b aria-hidden=\"true\"><\/b><span class=\"section-title-main\" >Miguel: der Fotograf<\/span><b aria-hidden=\"true\"><\/b><\/h2><\/div>\n<h5><strong>WELCHE ART FOTOGRAF SIND SIE?<\/strong><\/h5>\n<p><i><span style=\"font-weight: 400;\">Hallo Caro! <\/span><\/i><i><span style=\"font-weight: 400;\">Ich bin Miguel Ramos, seit fast 4 Jahren professioneller Fotograf in Bordeaux. Ich biete meine Dienstleistungen haupts\u00e4chlich f\u00fcr Profis an: von Firmenportr\u00e4ts \u00fcber Reportagen bis hin zu Produktfotografie und kommerziellen Illustrationen. Neben dieser Arbeit erstelle ich pers\u00f6nlichere und k\u00fcnstlerischere Fotografien im Wechsel zwischen Portr\u00e4t und Landschaft. Was mich aber am meisten auszeichnet, ist, dass ich immer auf der Suche nach neuen Wegen der Bildproduktion bin. Mein neustes Projekt? Es ist <a href=\"http:\/\/orbit-studio.fr\/\" target=\"_blank\" rel=\"noopener\">Das Orbit Studio<\/a> welches jede Menge kreative Ideen rund um die von uns hier eingesetzte Bullet Time bietet!<\/span><\/i><\/p>\n<h5><strong>BULLET-ZEIT? WAS IST DAS ?<\/strong><\/h5>\n<p><i><span style=\"font-weight: 400;\">Bullet Time ist, um es einfach auszudr\u00fccken, <a href=\"https:\/\/www.youtube.com\/watch?v=3c8Dl2c1whM\" target=\"_blank\" rel=\"noopener\">der Matrix-Effekt<\/a> das wei\u00df jeder! Ein eingefrorener Moment und eine \u201eKamera\u201c, die sich um das Motiv dreht. Ein beeindruckender 3D-Effekt. Auch wenn das endg\u00fcltige Konzept einfach ist, ist der Prozess ziemlich komplex, wie Sie w\u00e4hrend unseres Shootings sehen konnten. <\/span><\/i><span style=\"font-weight: 400;\">\ud83d\ude42<\/span><\/p>\n<p><i><span style=\"font-weight: 400;\">Im Prinzip werden dabei mehrere identische Kameras (hier 16, ich kann aber auch 24 einsetzen!) um das zu fotografierende Motiv herum ausgerichtet und alle gleichzeitig ausgel\u00f6st, so dass wir eine Fotoserie desselben Motivs zur gleichen Zeit erhalten, allerdings aus so vielen Winkeln, wie Kameras vorhanden sind. Wir erhalten ein Video, bei dem wir uns buchst\u00e4blich um das Motiv drehen, wie bei einer 3D-Vision.<\/span><\/i><\/p>\n<p><i><span style=\"font-weight: 400;\">Diese Art der Installation eignet sich gut f\u00fcr Eventanimationen und Hochzeiten in Form einer Fotokabine, aber auch f\u00fcr Mode- und audiovisuelle Produktionen \u2026 Optisch sind die M\u00f6glichkeiten nahezu unbegrenzt!<\/span><\/i><\/p>\n<h5><strong>WAS IST DER VORTEIL DIESER TECHNIK?<\/strong><\/h5>\n<p><i><span style=\"font-weight: 400;\">Offensichtlicher Spa\u00df, eine starke visuelle Wirkung und eine neue Dimension der Modefotografie. Der Effekt ist dynamisch und bietet viele innovative visuelle M\u00f6glichkeiten. Das Einfrieren einer Bewegung und die anschlie\u00dfende Drehung um diese herum ist im Kontext der Modefotografie gro\u00dfartig, da man so aus mehreren Blickwinkeln sehen kann, wie zum Beispiel ein Kleidungsst\u00fcck f\u00e4llt. Die Idee besteht auch darin, Marken originelle Inhalte anzubieten.<\/span><\/i><\/p>\n<h5><b>WIE WAR DAS FOTOSHOOTING?<\/b><\/h5>\n<p><i><span style=\"font-weight: 400;\">Abgesehen von der tollen Atmosph\u00e4re, die an diesem Tag herrschte, und dem herzlichen Empfang durch Guillaumes L\u2018atelier M in seiner gro\u00dfartigen Custom-Garage, ist es die Tatsache, dass Marie sich schnell an die \u00dcbung gew\u00f6hnte. Sie verga\u00df schnell, dass es ein Fotoshooting war und wusste, wie man mit den Linsen spielt und Spa\u00df hat, Spa\u00df pur! <\/span><\/i><span style=\"font-weight: 400;\">\ud83d\ude09<\/span><i><span style=\"font-weight: 400;\"> Also, Sie k\u00f6nnen es in den Videos sehen!<\/span><\/i><\/p>\n<div class=\"is-divider divider clearfix\" ><\/div>\n<div class=\"container section-title-container\" ><h2 class=\"section-title section-title-normal\"><b aria-hidden=\"true\"><\/b><span class=\"section-title-main\" >Guillaume - Atelier M<\/span><b aria-hidden=\"true\"><\/b><\/h2><\/div>\n<h5><b>STELL DICH VOR UND ERZ\u00c4HL UNS VON DEINEM WORKSHOP M!<\/b><\/h5>\n<p><i><span style=\"font-weight: 400;\">Mein Name ist Guillaume, ich bin 32 Jahre alt und der Sch\u00f6pfer von <a href=\"https:\/\/www.facebook.com\/lateliermbordeaux\/\" target=\"_blank\" rel=\"noopener\">Werkstatt M<\/a>. <\/span><\/i><i><span style=\"font-weight: 400;\">Ich habe mit sieben Jahren angefangen, Motorrad zu fahren, und die Leidenschaft hat mich nie mehr losgelassen. <\/span><\/i><i><span style=\"font-weight: 400;\">Nach meiner Berufsausbildung zum Kraftfahrttechniker und anschlie\u00dfend zum Kaufmann im KFZ-Gewerbe wollte ich noch einmal die Schule abschlie\u00dfen und eine eigene Motorradwerkstatt gr\u00fcnden.<\/span><\/i><\/p>\n<p><i><span style=\"font-weight: 400;\">2016 begann ich mit der Suche nach R\u00e4umlichkeiten und sechs Monate sp\u00e4ter gr\u00fcndete ich Atelier M in dieser alten Wasserm\u00fchle in Bas Mad\u00e8re in Villenave d&#039;Ornon.\u00a0 <\/span><\/i><i><span style=\"font-weight: 400;\">Marc, mein Freund und \u00e4ltester Mitarbeiter, schloss sich mir angesichts der explosionsartigen Zunahme der Aktivit\u00e4t sehr schnell an.<\/span><\/i><\/p>\n<p><i><span style=\"font-weight: 400;\">Leider lie\u00df ich meinen Vater ein Jahr nach der Er\u00f6ffnung der Werkstatt ein\u00e4schern und \u00fcbernahm neben der Garage auch sein Restaurant in Bordeaux Nord.\u00a0<\/span><\/i><i><span style=\"font-weight: 400;\">Nach der Sanierung habe ich das Unternehmen verkauft, um mich im Atelier M ganz 100% zu widmen.\u00a0<\/span><\/i><\/p>\n<p><i><span style=\"font-weight: 400;\">Nach dreij\u00e4hriger T\u00e4tigkeit bezog ich neue R\u00e4umlichkeiten in meinem Traumgeb\u00e4ude, direkt gegen\u00fcber unserer alten M\u00fchle. Seit nunmehr einem Jahr am neuen Standort wird dieser kontinuierlich verbessert, perfektioniert und wird immer leistungsf\u00e4higer. Paul (BTS-Lehrling) und Luca (Umschulung) sind im September 2019 bzw. Januar 2020 zu uns gesto\u00dfen, um unser Team zu verst\u00e4rken.<\/span><\/i><\/p>\n<h5><strong>WARUM DIESER NAME?<\/strong><\/h5>\n<p><i><span style=\"font-weight: 400;\">Ich habe meine Werkstatt angerufen <a href=\"https:\/\/lateliermbdx.business.site\/\" target=\"_blank\" rel=\"noopener\">Werkstatt M<\/a>, weil ich ALLE Motorr\u00e4der liebe und es in unserem Land keine Spaltungen gibt.\u00a0<\/span><\/i><i><span style=\"font-weight: 400;\">Zu meiner Philosophie und meinen Lebensentscheidungen geh\u00f6rt, dass ich gerne repariere, was kaputt ist, und instand halte und perfektioniere, was verbessert werden kann. <\/span><\/i><i><span style=\"font-weight: 400;\">Ich mag die Menschen, die Gesch\u00e4fte vor Ort, das Leben in der Nachbarschaft und vor allem reise ich gerne (so viel wie m\u00f6glich mit dem Motorrad). Das ist die DNA von Atelier M.<\/span><\/i><\/p>\n<h5><i><b>WIE SIEHT EIN TYPISCHER TAG BEI ATELIER M AUS?<\/b><\/i><\/h5>\n<p><i><span style=\"font-weight: 400;\">Einen typischen Tag im Atelier M gibt es nicht: Jede Akte, jeder Tag ist anders. Manche Aufgaben fallen regelm\u00e4\u00dfig an (das liegt in der Natur eines Gesch\u00e4ftsf\u00fchrers \u2026), aber im Allgemeinen folgen die Tage aufeinander und sind nicht gleich. Im \u00dcbrigen ist es umso besser, und es ist meine Aufgabe, daf\u00fcr zu sorgen, dass es so weitergeht, uns jeden Tag neu zu erfinden, zu verbessern, zu reparieren, weiterzuentwickeln \u2026<\/span><\/i><\/p>\n<h5><b>IHRE VISION VON MOTORR\u00c4DERN IN BORDEAUX?<\/b><\/h5>\n<p><i><span style=\"font-weight: 400;\">Es gibt zahlreiche Ereignisse und Bewegungen aus allen Philosophien. Man kennt sich, man begegnet sich wieder und kreuzt seine Wege. Die allgemeine Stimmung ist gut! <\/span><\/i><i><span style=\"font-weight: 400;\">Mit Freunden gr\u00fcndeten wir den Verein <a href=\"https:\/\/www.facebook.com\/notredamemoto\" target=\"_blank\" rel=\"noopener\">Unsere Liebe Frau Motorrad<\/a> nach dem ersten <a href=\"https:\/\/www.gentlemansride.com\/\" target=\"_blank\" rel=\"noopener\">Vornehmer Gentleman-Ritt durch Bordeaux<\/a>. Zun\u00e4chst eine einfache, gemeinsam genutzte Garage f\u00fcr Freunde, dann eine Gemeinschaftsgarage in Villenave d&#039;Ornon.<\/span><\/i><\/p>\n<p><i><span style=\"font-weight: 400;\">Seitdem organisieren wir jedes Jahr im September <a href=\"https:\/\/www.facebook.com\/events\/387995965447507\/\" target=\"_blank\" rel=\"noopener\">Der Normalb\u00fcrger<\/a> : ein Motorrad-Orientierungslauf, bei dem man sich gerne verfahren kann, und die DGR-Parade: ein Spaziergang mit dem Schwerpunkt auf M\u00e4nnerkrankheiten. <\/span><\/i><i><span style=\"font-weight: 400;\">Mit all dem hoffen wir, Verbindungen zu kn\u00fcpfen und so viele Bordeaux-Biker wie m\u00f6glich f\u00fcr gute Zwecke oder einfach f\u00fcr wilde Fahrten zu vereinen. Aber das Motto bleibt \u201eRouler\u201c oder \u201eFahren\u201c, wie die jungen Leute sagen ;p!<\/span><\/i><\/p>\n<h5><b>WIE WAR DER WORKSHOP, DER ZUM FOTOSTUDIO WIRD?<\/b><\/h5>\n<p><i><span style=\"font-weight: 400;\">Der Tag war gro\u00dfartig, tolle Ausr\u00fcstung, tolles Model, bezaubernder Partner, sehr cooler Fotograf (au\u00dferdem hat er mir Fotos von mir versprochen, vielleicht bald...!) Wir sehen uns, wenn du Lust auf eine neue Sitzung hast! Oder auch einfach nur, um etwas zu trinken \u2026!<\/span><\/i><\/p>","protected":false},"excerpt":{"rendered":"<p>Bullet time avec eudoxie Nouveau photoshoot pour Eudoxie ! R\u00e9alis\u00e9 avec la technique du Bullet Time (ou effet matrix) avec plus de 16 appareils photos en s\u00e9rie par Miguel Ramos \u00e0 l&rsquo;Atelier M. Marie vous fait d\u00e9couvrir quelques pi\u00e8ces de la nouvelle collection en avant premi\u00e8re. Jersey, t-shirt en coton bio, crop top, pin&rsquo;s et &#8230;<\/p>","protected":false},"author":6,"featured_media":9357,"comment_status":"closed","ping_status":"open","sticky":false,"template":"","format":"standard","meta":{"footnotes":""},"categories":[296],"tags":[],"class_list":["post-9308","post","type-post","status-publish","format-standard","has-post-thumbnail","hentry","category-lifestyle"],"_links":{"self":[{"href":"https:\/\/eudoxie.shop\/de\/wp-json\/wp\/v2\/posts\/9308","targetHints":{"allow":["GET"]}}],"collection":[{"href":"https:\/\/eudoxie.shop\/de\/wp-json\/wp\/v2\/posts"}],"about":[{"href":"https:\/\/eudoxie.shop\/de\/wp-json\/wp\/v2\/types\/post"}],"author":[{"embeddable":true,"href":"https:\/\/eudoxie.shop\/de\/wp-json\/wp\/v2\/users\/6"}],"replies":[{"embeddable":true,"href":"https:\/\/eudoxie.shop\/de\/wp-json\/wp\/v2\/comments?post=9308"}],"version-history":[{"count":0,"href":"https:\/\/eudoxie.shop\/de\/wp-json\/wp\/v2\/posts\/9308\/revisions"}],"wp:featuredmedia":[{"embeddable":true,"href":"https:\/\/eudoxie.shop\/de\/wp-json\/wp\/v2\/media\/9357"}],"wp:attachment":[{"href":"https:\/\/eudoxie.shop\/de\/wp-json\/wp\/v2\/media?parent=9308"}],"wp:term":[{"taxonomy":"category","embeddable":true,"href":"https:\/\/eudoxie.shop\/de\/wp-json\/wp\/v2\/categories?post=9308"},{"taxonomy":"post_tag","embeddable":true,"href":"https:\/\/eudoxie.shop\/de\/wp-json\/wp\/v2\/tags?post=9308"}],"curies":[{"name":"wp","href":"https:\/\/api.w.org\/{rel}","templated":true}]}}