{"id":7780,"date":"2019-08-22T17:00:46","date_gmt":"2019-08-22T15:00:46","guid":{"rendered":"https:\/\/eudoxiemotorcycles.com\/?p=7780"},"modified":"2019-08-22T17:00:46","modified_gmt":"2019-08-22T15:00:46","slug":"evenement-wheels-and-waves","status":"publish","type":"post","link":"https:\/\/eudoxie.shop\/en_gb\/evenement-wheels-and-waves\/","title":{"rendered":"WHEELS AND WAVES"},"content":{"rendered":"<h3 style=\"text-align: center;\"><strong>LE DEPART<\/strong><\/h3>\n<p><span style=\"font-weight: 400;\">Mi-Juin nous \u00e9tions \u00e0 l&rsquo;\u00e9v\u00e8nement le <strong>Wheels and Waves \u00e0 Biarritz<\/strong>, c\u2019\u00e9tait pour nous une grosse \u00e9tape de la saison et de l&rsquo;\u00e9volution de notre marque ! Nous avons d\u00e9cid\u00e9 de partager cette super exp\u00e9rience avec vous \u00e0 travers un article !<\/span><\/p>\n<p><span style=\"font-weight: 400;\">Notre aventure commence d\u00e8s mardi matin, \u00e0 bord de Bobby notre van et fid\u00e8le compagnon de route. Premier arr\u00eat : le garage <strong>Steel Bike Concept<\/strong> \u00e0 Bordeaux pour r\u00e9cup\u00e9rer notre moto custom : Gaby (oui, nous aimons donner des noms \u00e0 nos machines) !<\/span><\/p>\n<p><span style=\"font-weight: 400;\">Nous prenons la route direction le Wheels and waves, sur le trajet nous voyons plein de bikers qui descendent vers le Sud ! Arriv\u00e9e \u00e0 Biarritz sous la pluie, nous commen\u00e7ons l&rsquo;installation du stand&#8230; Apr\u00e8s quelques efforts physiques et quelques r\u00e9flexions (car un beau stand est la cl\u00e9 du succ\u00e8s ;)) nous d\u00e9cidons de finaliser le tout lendemain matin, en esp\u00e9rant que le temps sera plus cl\u00e9ment !<\/span><\/p>\n<p><img loading=\"lazy\" decoding=\"async\" class=\"size-medium wp-image-7803 alignnone\" src=\"https:\/\/eudoxiemotorcycles.com\/wp-content\/uploads\/2019\/08\/BikerInsider-600x600.jpeg\" alt=\"\" width=\"600\" height=\"600\" srcset=\"https:\/\/eudoxie.shop\/wp-content\/uploads\/2019\/08\/BikerInsider-600x600.jpeg 600w, https:\/\/eudoxie.shop\/wp-content\/uploads\/2019\/08\/BikerInsider-350x350.jpeg 350w, https:\/\/eudoxie.shop\/wp-content\/uploads\/2019\/08\/BikerInsider-768x768.jpeg 768w, https:\/\/eudoxie.shop\/wp-content\/uploads\/2019\/08\/BikerInsider-1050x1050.jpeg 1050w, https:\/\/eudoxie.shop\/wp-content\/uploads\/2019\/08\/BikerInsider-800x800.jpeg 800w, https:\/\/eudoxie.shop\/wp-content\/uploads\/2019\/08\/BikerInsider-100x100.jpeg 100w, https:\/\/eudoxie.shop\/wp-content\/uploads\/2019\/08\/BikerInsider.jpeg 1080w\" sizes=\"auto, (max-width: 600px) 100vw, 600px\" \/><\/p>\n<p>@bikers_insider<\/p>\n<p><span style=\"font-weight: 400;\">Pas une minute pour se poser, nous filons \u00e0 la soir\u00e9e d\u2019inauguration de la vid\u00e9o de la <a href=\"https:\/\/www.belharra.eus\/fr\" target=\"_blank\" rel=\"noopener\">bi\u00e8re Belharra<\/a> avec nos copains pr\u00e9parateurs de chez<a href=\"https:\/\/www.emdworkers.com\" target=\"_blank\" rel=\"noopener\"> EMD Workers<\/a><\/span><span style=\"font-weight: 400;\"> dans le shop <strong>DEUS <\/strong>du centre de Biarritz. \u00c0 peine arriv\u00e9es nous remarquons une foule au style rock et badass comme nous l\u2019aimons ! Nous sommes surprises par le nombre de personnes pr\u00e9sentent ! Le festival n&rsquo;a pas encore commenc\u00e9 mais d\u00e9j\u00e0 une bonne partie des bikers est l\u00e0. Ils viennent de partout ! Espagne, Italie, Russie, Angleterre, USA certains sont m\u00eame arriv\u00e9s en moto du Danemark ou m\u00eame de la Pologne. Toujours un plaisir de rencontrer ces bikers d&rsquo;horizons si diff\u00e9rents. <\/span><span style=\"font-weight: 400;\">Le cadre est g\u00e9nial entre le shop DEUS, l\u2019ambiance au sein du caf\u00e9, les motos expos\u00e9es et le DJ bien rod\u00e9. Seul b\u00e9mol : la queue pour la bi\u00e8re qui ne veut pas d\u00e9semplir !<\/span><\/p>\n<p><img loading=\"lazy\" decoding=\"async\" class=\"size-medium wp-image-7808 alignnone\" src=\"https:\/\/eudoxiemotorcycles.com\/wp-content\/uploads\/2019\/08\/EMD-Belharra-600x600.jpg\" alt=\"\" width=\"600\" height=\"600\" srcset=\"https:\/\/eudoxie.shop\/wp-content\/uploads\/2019\/08\/EMD-Belharra-600x600.jpg 600w, https:\/\/eudoxie.shop\/wp-content\/uploads\/2019\/08\/EMD-Belharra-350x350.jpg 350w, https:\/\/eudoxie.shop\/wp-content\/uploads\/2019\/08\/EMD-Belharra-768x768.jpg 768w, https:\/\/eudoxie.shop\/wp-content\/uploads\/2019\/08\/EMD-Belharra-800x800.jpg 800w, https:\/\/eudoxie.shop\/wp-content\/uploads\/2019\/08\/EMD-Belharra-100x100.jpg 100w, https:\/\/eudoxie.shop\/wp-content\/uploads\/2019\/08\/EMD-Belharra.jpg 960w\" sizes=\"auto, (max-width: 600px) 100vw, 600px\" \/><\/p>\n<p>@emworkers Crew x @belharrabeer<\/p>\n<h3 style=\"text-align: center;\"><strong>LE PREMIER JOUR<\/strong><\/h3>\n<p><span style=\"font-weight: 400;\">Arrive l\u2019heure de notre premier jour sur le village. C\u2019est le moment de soigner les d\u00e9tails, d\u2019accueillir tout le monde avec un beau sourire et une p\u00eache d\u2019enfer ! C\u2019est aussi l\u2019occasion pour nous de rencontrer nos voisins de festival qui ne sont autre que les <a href=\"https:\/\/www.youtube.com\/watch?v=C-ShzRVqL5k\" target=\"_blank\" rel=\"noopener\">PDF Motociclette<\/a> &lt;- va voir cette vid\u00e9o de malade !! Agr\u00e9able surprise pour nous car nous n\u2019aurions pas pu r\u00eaver mieux: entre leurs motos supers styl\u00e9es (dont une qui a failli se faire acheter par Brad Pitt), leur classe \u00e0 l\u2019Italienne, leur envie de faire la f\u00eate et leur gentillesse naturelle, nous \u00e9tions \u00e0 c\u00f4t\u00e9 des meilleurs !<\/span><\/p>\n<p><img loading=\"lazy\" decoding=\"async\" class=\"size-medium wp-image-7807 aligncenter\" src=\"https:\/\/eudoxiemotorcycles.com\/wp-content\/uploads\/2019\/08\/64698135_339256030303675_123173859548463104_n-600x400.jpg\" alt=\"\" width=\"600\" height=\"400\" srcset=\"https:\/\/eudoxie.shop\/wp-content\/uploads\/2019\/08\/64698135_339256030303675_123173859548463104_n-600x400.jpg 600w, https:\/\/eudoxie.shop\/wp-content\/uploads\/2019\/08\/64698135_339256030303675_123173859548463104_n-350x234.jpg 350w, https:\/\/eudoxie.shop\/wp-content\/uploads\/2019\/08\/64698135_339256030303675_123173859548463104_n-768x512.jpg 768w, https:\/\/eudoxie.shop\/wp-content\/uploads\/2019\/08\/64698135_339256030303675_123173859548463104_n-1050x701.jpg 1050w, https:\/\/eudoxie.shop\/wp-content\/uploads\/2019\/08\/64698135_339256030303675_123173859548463104_n-800x534.jpg 800w\" sizes=\"auto, (max-width: 600px) 100vw, 600px\" \/><\/p>\n<p>@cyrilcasagrande<\/p>\n<h3 style=\"text-align: center;\"><em><strong>MARIE EST SA PREMIERE DANS LE MUR DE LA MORT<\/strong><\/em><\/h3>\n<p><em><span style=\"font-weight: 400;\">\u00ab\u00a0Apr\u00e8s avoir entendu l\u2019annonce du \u2018mur de la mort\u2019, mis en place par <strong>Indian Motorcycle et nos amis d&rsquo;INFERNAL VARANNE<\/strong>, je d\u00e9cide d\u2019aller d\u00e9couvrir ce qui se cache dans ce tonneau g\u00e9ant ! Pas besoin de me le dire 2 fois, j\u2019accours pour comprendre comment une moto peut r\u00e9ellement rouler \u00e0 l&rsquo;horizontale sur un mur ?!<\/span><\/em><\/p>\n<p><em><span style=\"font-weight: 400;\">Une fois install\u00e9e au dessus de l&rsquo;immense cylindre la question r\u00e9sonne encore dans ma t\u00eate, et, d\u00e8s que le show commence, je suis \u00e9bahie par cette performance aussi folle qu\u2019impressionnante ! Quelqu\u2019un pourrait presque se prendre un coup de roue au passage tellement les conducteurs montent haut. Nous pourrions croire que le show s\u2019arr\u00eate l\u00e0, mais NON ! Le conducteur nous offre des figures incroyables, sans les mains, les pieds sur le guidon et je vous avoue que mon c\u0153ur battait \u00e0 100 \u00e0 l\u2019heure, je devais m\u00eame \u00eatre plus stress\u00e9e que lui !<\/span><\/em><\/p>\n<p><em><span style=\"font-weight: 400;\">Ce n\u2019est qu\u2019\u00e0 la fin du show et \u00e0 ma grande surprise, que j\u2019apprends que la d\u00e9monstration que cette activit\u00e9 n\u2019est absolument pas assur\u00e9e en cas de blessure \ud83d\ude2e \u2026 c\u2019est ce qu\u2019on appelle avoir le sens du spectacle !<\/span><\/em><\/p>\n<p>&nbsp;<\/p>\n<p><img loading=\"lazy\" decoding=\"async\" class=\"size-medium wp-image-7809 alignnone\" src=\"https:\/\/eudoxiemotorcycles.com\/wp-content\/uploads\/2019\/08\/68706461_10156531053174033_2920174863282864128_o-600x600.jpg\" alt=\"\" width=\"600\" height=\"600\" srcset=\"https:\/\/eudoxie.shop\/wp-content\/uploads\/2019\/08\/68706461_10156531053174033_2920174863282864128_o-600x600.jpg 600w, https:\/\/eudoxie.shop\/wp-content\/uploads\/2019\/08\/68706461_10156531053174033_2920174863282864128_o-350x350.jpg 350w, https:\/\/eudoxie.shop\/wp-content\/uploads\/2019\/08\/68706461_10156531053174033_2920174863282864128_o-768x768.jpg 768w, https:\/\/eudoxie.shop\/wp-content\/uploads\/2019\/08\/68706461_10156531053174033_2920174863282864128_o-1050x1050.jpg 1050w, https:\/\/eudoxie.shop\/wp-content\/uploads\/2019\/08\/68706461_10156531053174033_2920174863282864128_o-800x800.jpg 800w, https:\/\/eudoxie.shop\/wp-content\/uploads\/2019\/08\/68706461_10156531053174033_2920174863282864128_o-100x100.jpg 100w, https:\/\/eudoxie.shop\/wp-content\/uploads\/2019\/08\/68706461_10156531053174033_2920174863282864128_o.jpg 1080w\" sizes=\"auto, (max-width: 600px) 100vw, 600px\" \/><\/p>\n<p>@bikers_insider<\/p>\n<h3 style=\"text-align: center;\"><strong>PENDANT LE WHEELS AND WAVES<\/strong><\/h3>\n<p><span style=\"font-weight: 400;\">Les jours s\u2019encha\u00eenent, chacun avec son lots de rencontres. Les clientes qui ont travers\u00e9 la France en moto pour le festival viennent nous raconter leur p\u00e9riples et on adore \u00e7a ! C\u2019est vraiment top toutes ces histoires. Papoter et \u00e9changer sur <a href=\"https:\/\/eudoxiemotorcycles.com\/collection\/new-collection\/\" target=\"_blank\" rel=\"noopener\">nos collections<\/a>, nos exp\u00e9riences ou prendre des conseils et des remarques, c\u2019est ce qui nous permet d\u2019\u00e9voluer et de nous adapter aux r\u00e9alit\u00e9s du march\u00e9 mais aussi aux envies des clientes !\u00a0<\/span><\/p>\n<p><span style=\"font-weight: 400;\">Et puis il faut dire que \u00e7a nous permet d\u2019obtenir les retours des courses organis\u00e9es auxquelles on ne peut pas assister, et que ce soit pour la course de c\u00f4tes: la <strong>punk&rsquo;s peak sprint race<\/strong>, la <strong>deus swank<\/strong> <strong>rally<\/strong> ou encore le <strong>El rollo<\/strong> <strong>flat track race<\/strong> tout le monde avait l\u2019air conquis et ravi !<\/span><\/p>\n<p><span style=\"font-weight: 400;\">Niveau animation, nous avons eu la chance d\u2019assister \u00e0 un vol d\u2019avions de chasse organis\u00e9 par Breitling\u00a0! Malgr\u00e9 la m\u00e9t\u00e9o peu cl\u00e9mente, ce spectacle a\u00e9rien \u00e9tait assez badass, avec des avions qui nous fr\u00f4laient la t\u00eate (non je n\u2019exag\u00e8re pas du tout)\u00a0!\u00a0<\/span><\/p>\n<p><span style=\"font-weight: 400;\">C\u2019est samedi soir entre 20h et 22h que notre stand s&rsquo;est m\u00e9tamorphos\u00e9 ! Gr\u00e2ce \u00e0 nos amis italiens de chez PDF et leur super sono, nos stands sont devenus un dance floor enflamm\u00e9, pour le plus grand plaisir des visiteurs qui venaient trinquer et danser avec nous ! Le coucher de soleil dans cette ambiance \u00e9tait simplement magique ! Nous \u00e9tions tous en train de sourire et de danser, une bi\u00e8re \u00e0 la main, sur un banc, un tonneau, avec une coiffe d&rsquo;indien sur la t\u00eate&#8230; Bref le fun !!! Un moment de partage comme on aime !<\/span><\/p>\n<p><img loading=\"lazy\" decoding=\"async\" class=\"size-medium wp-image-7813 alignnone\" src=\"https:\/\/eudoxiemotorcycles.com\/wp-content\/uploads\/2019\/08\/BikerInsider1.jpg-600x407.jpeg\" alt=\"\" width=\"600\" height=\"407\" srcset=\"https:\/\/eudoxie.shop\/wp-content\/uploads\/2019\/08\/BikerInsider1.jpg-600x407.jpeg 600w, https:\/\/eudoxie.shop\/wp-content\/uploads\/2019\/08\/BikerInsider1.jpg-350x237.jpeg 350w, https:\/\/eudoxie.shop\/wp-content\/uploads\/2019\/08\/BikerInsider1.jpg-768x521.jpeg 768w, https:\/\/eudoxie.shop\/wp-content\/uploads\/2019\/08\/BikerInsider1.jpg-1050x712.jpeg 1050w, https:\/\/eudoxie.shop\/wp-content\/uploads\/2019\/08\/BikerInsider1.jpg-800x542.jpeg 800w, https:\/\/eudoxie.shop\/wp-content\/uploads\/2019\/08\/BikerInsider1.jpg.jpeg 1080w\" sizes=\"auto, (max-width: 600px) 100vw, 600px\" \/><\/p>\n<p>@bikers_insider<\/p>\n<p><span style=\"font-weight: 400;\">Apr\u00e8s ce d\u00e9but de soir\u00e9e de folie, nous avons d\u00e9cid\u00e9 de nous rendre \u00e0 la soir\u00e9e d&rsquo;anniversaire des 5 ans de la marque <a href=\"http:\/\/www.kytone.com\" target=\"_blank\" rel=\"noopener\"><strong>Kytone<\/strong><\/a> direction le California Kitchen ! Ambiance tr\u00e8s sympa et d\u00e9tendue jusqu\u2019\u00e0 2h, ou les moteurs ont commenc\u00e9s \u00e0 rugir et les pneus \u00e0 chauffer ! C&rsquo;est l&rsquo;heure de choisir entre rentrer sagement pour aller dormir le lendemain et filer en bo\u00eete pour profiter encore quelques heures&#8230; Et devinez o\u00f9 nous sommes all\u00e9es&#8230; \ud83d\ude09 haha !<\/span><\/p>\n<h3 style=\"text-align: center;\"><strong>LA FIN<\/strong><\/h3>\n<p><span style=\"font-weight: 400;\">Le dimanche fut une journ\u00e9e assez paisible. Certains avaient d\u00e9j\u00e0 repris leur moto pour le retour de leur roadtrip&#8230; C\u2019\u00e9tait aussi pour nous le temps des \u00ab au revoir \u00bb \u00e0 tout le monde et notamment \u00e0 nos voisins, \u00e0 qui nous avons promis de rendre visite \u00e0 Bergame! Un dernier jour qui s\u2019\u00e9coule toujours avec un m\u00e9lange de pincement au c\u0153ur et de bonheur d\u2019avoir pu partager tous ces moments ensemble !<\/span><\/p>\n<p><span style=\"font-weight: 400;\">Mais bon apr\u00e8s tout, ce n\u2019est que partie remise, puisque l&rsquo;ann\u00e9e prochaine on y retourne ! \ud83d\ude09<\/span><\/p>\n<p><img loading=\"lazy\" decoding=\"async\" class=\"size-medium wp-image-7814 alignnone\" src=\"https:\/\/eudoxiemotorcycles.com\/wp-content\/uploads\/2019\/08\/VIrgil-Vosse-600x401.jpg\" alt=\"\" width=\"600\" height=\"401\" srcset=\"https:\/\/eudoxie.shop\/wp-content\/uploads\/2019\/08\/VIrgil-Vosse-600x401.jpg 600w, https:\/\/eudoxie.shop\/wp-content\/uploads\/2019\/08\/VIrgil-Vosse-350x234.jpg 350w, https:\/\/eudoxie.shop\/wp-content\/uploads\/2019\/08\/VIrgil-Vosse-768x513.jpg 768w, https:\/\/eudoxie.shop\/wp-content\/uploads\/2019\/08\/VIrgil-Vosse-800x534.jpg 800w, https:\/\/eudoxie.shop\/wp-content\/uploads\/2019\/08\/VIrgil-Vosse.jpg 1024w\" sizes=\"auto, (max-width: 600px) 100vw, 600px\" \/><\/p>\n<p>@Virgil Vosse<\/p>","protected":false},"excerpt":{"rendered":"<p>LE DEPART Mi-Juin nous \u00e9tions \u00e0 l&rsquo;\u00e9v\u00e8nement le Wheels and Waves \u00e0 Biarritz, c\u2019\u00e9tait pour nous une grosse \u00e9tape de la saison et de l&rsquo;\u00e9volution de notre marque ! Nous avons d\u00e9cid\u00e9 de partager cette super exp\u00e9rience avec vous \u00e0 travers un article ! Notre aventure commence d\u00e8s mardi matin, \u00e0 bord de Bobby notre &#8230;<\/p>","protected":false},"author":6,"featured_media":7806,"comment_status":"closed","ping_status":"open","sticky":false,"template":"","format":"standard","meta":{"footnotes":""},"categories":[296,298],"tags":[],"class_list":["post-7780","post","type-post","status-publish","format-standard","has-post-thumbnail","hentry","category-lifestyle","category-events"],"_links":{"self":[{"href":"https:\/\/eudoxie.shop\/en_gb\/wp-json\/wp\/v2\/posts\/7780","targetHints":{"allow":["GET"]}}],"collection":[{"href":"https:\/\/eudoxie.shop\/en_gb\/wp-json\/wp\/v2\/posts"}],"about":[{"href":"https:\/\/eudoxie.shop\/en_gb\/wp-json\/wp\/v2\/types\/post"}],"author":[{"embeddable":true,"href":"https:\/\/eudoxie.shop\/en_gb\/wp-json\/wp\/v2\/users\/6"}],"replies":[{"embeddable":true,"href":"https:\/\/eudoxie.shop\/en_gb\/wp-json\/wp\/v2\/comments?post=7780"}],"version-history":[{"count":0,"href":"https:\/\/eudoxie.shop\/en_gb\/wp-json\/wp\/v2\/posts\/7780\/revisions"}],"wp:featuredmedia":[{"embeddable":true,"href":"https:\/\/eudoxie.shop\/en_gb\/wp-json\/wp\/v2\/media\/7806"}],"wp:attachment":[{"href":"https:\/\/eudoxie.shop\/en_gb\/wp-json\/wp\/v2\/media?parent=7780"}],"wp:term":[{"taxonomy":"category","embeddable":true,"href":"https:\/\/eudoxie.shop\/en_gb\/wp-json\/wp\/v2\/categories?post=7780"},{"taxonomy":"post_tag","embeddable":true,"href":"https:\/\/eudoxie.shop\/en_gb\/wp-json\/wp\/v2\/tags?post=7780"}],"curies":[{"name":"wp","href":"https:\/\/api.w.org\/{rel}","templated":true}]}}