{"id":9308,"date":"2020-05-11T16:53:10","date_gmt":"2020-05-11T14:53:10","guid":{"rendered":"https:\/\/eudoxiemotorcycles.com\/?p=9308"},"modified":"2020-05-11T16:53:10","modified_gmt":"2020-05-11T14:53:10","slug":"jour-de-photoshoot-avec-lequipe-eudoxie","status":"publish","type":"post","link":"https:\/\/eudoxie.shop\/es\/jour-de-photoshoot-avec-lequipe-eudoxie\/","title":{"rendered":"Jour de photoshoot avec Eudoxie"},"content":{"rendered":"<div class=\"container section-title-container\" ><h2 class=\"section-title section-title-normal\"><b aria-hidden=\"true\"><\/b><span class=\"section-title-main\" >Eudoxie new vid\u00e9o<\/span><b aria-hidden=\"true\"><\/b><\/h2><\/div>\n<h5 class=\"uppercase\">Bullet time avec eudoxie<\/h5>\n<p>Nouveau photoshoot pour Eudoxie ! R\u00e9alis\u00e9 avec la technique du Bullet Time (ou effet matrix) avec plus de 16 appareils photos en s\u00e9rie par Miguel Ramos \u00e0 l&rsquo;Atelier M. Marie vous fait d\u00e9couvrir quelques pi\u00e8ces de la nouvelle collection en avant premi\u00e8re. <a href=\"https:\/\/eudoxiemotorcycles.com\/catalogue\/t-shirts\/jersey-cross\/\" target=\"_blank\" rel=\"noopener\">Jersey<\/a>, <a href=\"https:\/\/eudoxiemotorcycles.com\/catalogue\/t-shirts\/t-shirt-bonnie-cintre-blanc\/\" target=\"_blank\" rel=\"noopener\">t-shirt en coton bio<\/a>, <a href=\"https:\/\/eudoxiemotorcycles.com\/catalogue\/t-shirts\/crop-top-eudoxie\/\" target=\"_blank\" rel=\"noopener\">crop top<\/a>, <a href=\"https:\/\/eudoxiemotorcycles.com\/collection\/accessoires\/pins\/\" target=\"_blank\" rel=\"noopener\">pin&rsquo;s<\/a> et <a href=\"https:\/\/eudoxiemotorcycles.com\/catalogue\/veste-moto-femme\/veste-cuir-moto\/\" target=\"_blank\" rel=\"noopener\">cuir<\/a> venez sur notre site pour d\u00e9couvrir la suite&#8230; <span style=\"font-weight: 400;\">Pour rouler avec style prend ton t-shirt Eudoxie et d\u00e9marre ta moto ! Rejoins notre girl gang !<\/span><\/p>\n<p>Petit retour sur la journ\u00e9e vu par la mannequin, le photographe et le boss de l&rsquo;atelier. Voil\u00e0 le r\u00e9sultat: Bien fun et rock ! Comme on aime, Yeah ! Merci \u00e0 vous trois pour cette journ\u00e9e au top !<\/p>\n<div class=\"video video-fit mb\" style=\"padding-top:56.25%;\"><p><iframe loading=\"lazy\" title=\"EUDOXIE - bullet time\" width=\"1020\" height=\"574\" src=\"https:\/\/www.youtube.com\/embed\/qZ1DgI8g04A?feature=oembed\" frameborder=\"0\" allow=\"accelerometer; autoplay; encrypted-media; gyroscope; picture-in-picture\" allowfullscreen><\/iframe><\/p>\n<\/div>\n<div class=\"container section-title-container\" ><h2 class=\"section-title section-title-normal\"><b aria-hidden=\"true\"><\/b><span class=\"section-title-main\" >Marie : la mannequin<\/span><b aria-hidden=\"true\"><\/b><\/h2><\/div>\n<h5 class=\"uppercase\">Salut <a href=\"https:\/\/www.instagram.com\/m__harley\/\" target=\"_blank\" rel=\"noopener\">marie<\/a> ! QUi es-tu et comment connais-tu les filles d&rsquo;Eudoxie !?<\/h5>\n<p><i><span style=\"font-weight: 400;\">Je suis \u00e9tudiante en Marketing, et j\u2019ai 21 ans. On pourrait se demander comment je me suis retrouv\u00e9e sur un photoshoot pour Eudoxie alors je vais vous raconter ! <\/span><\/i><i><span style=\"font-weight: 400;\">Tout a commenc\u00e9 l\u2019ann\u00e9e derni\u00e8re quand je cherchais un stage pour valider mon Bachelor. <\/span><\/i><i><span style=\"font-weight: 400;\">J\u2019ai vu vu l&rsquo;annonce du poste de stagiaire Eudoxie et j&rsquo;ai tout de suite adh\u00e9r\u00e9 au message, \u00e0 l\u2019univers et aussi au design des v\u00eatements !<\/span><\/i><\/p>\n<p><i><span style=\"font-weight: 400;\">J\u2019ai eu la chance d\u2019\u00eatre prise et j\u2019ai pu vivre le quotidien avec Camille et Caro pendant 6 mois. C\u2019\u00e9tait vraiment une super exp\u00e9rience, j\u2019ai d\u00e9couvert un univers qui m\u2019\u00e9tait totalement inconnu et j\u2019ai vraiment kiff\u00e9, que ce soit les rencontres, les projets ou les fringues <\/span><\/i><span style=\"font-weight: 400;\">\ud83d\ude09<\/span><i><span style=\"font-weight: 400;\"> !\u00a0<\/span><\/i><\/p>\n<h5><b>UNE AVENTURE QUI T&rsquo;A MARQU\u00c9E AVEC ELLES ?<\/b><\/h5>\n<p><i><span style=\"font-weight: 400;\">J\u2019ai envie de dire que c\u2019est peut-\u00eatre le destin cette rencontre ahaha parce que finalement un an plus tard je fais encore un peu partie de l\u2019aventure, je dois encore passer mon permis moto mais \u00e7a ne va pas tarder\u00a0! J\u2019essaie de les soutenir \u00e0 mon niveau et \u00e7a me fait toujours plaisir de les revoir et de voir \u00e9voluer Eudoxie\u00a0!<\/span><\/i><\/p>\n<p><i><span style=\"font-weight: 400;\">Je tiens aussi \u00e0 pr\u00e9ciser que ce sont elles qui m\u2019ont fait aimer la bi\u00e8re \u00e0 force de m\u2019amener dans les festivals aupr\u00e8s de rockeurs italiens\u00a0<\/span><\/i><span style=\"font-weight: 400;\">\ud83d\ude09<\/span><i><span style=\"font-weight: 400;\"> ahah, mais ce n\u2019est qu\u2019une chose parmi tant d\u2019autres on a v\u00e9cu pas mal d\u2019histoire dingue pendant ces 6mois !<\/span><\/i><\/p>\n<h5><b>DEPUIS COMBIEN DE TEMPS FAIS-TU DU MANNEQUINAT ?<\/b><\/h5>\n<p><i><span style=\"font-weight: 400;\">Je m&rsquo;int\u00e9resse au mannequinat depuis l\u2019ann\u00e9e derni\u00e8re, j\u2019ai d\u2019ailleurs commenc\u00e9 pendant mon stage chez Eudoxie. J\u2019ai pu faire mon premier shoot avec <a href=\"https:\/\/selfiesmag.com\/\" target=\"_blank\" rel=\"noopener\">Selfie\u2019s Mag<\/a> parce que les filles ont bien voulu me laisser partir plus t\u00f4t donc merci encore les filles !<\/span><\/i><\/p>\n<p><i><span style=\"font-weight: 400;\">Pour ceux qui ne connaissent pas Selfie\u2019s c\u2019est un magazine bordelais sur la mode qui fait appel \u00e0 des mod\u00e8les amateurs ! <\/span><\/i><i><span style=\"font-weight: 400;\">Ce qui est bien c\u2019est qu\u2019on nous accompagne tous pour progresser, on organise des workshops, on s\u2019entra\u00eene, on apprend des astuces pour avoir de bons r\u00e9sultats etc\u2026 Donc c\u2019est vraiment une d\u00e9marche proactive ou chacun s\u2019investit !<\/span><\/i><\/p>\n<p><i><span style=\"font-weight: 400;\">C\u2019est un univers qui m\u2019attire beaucoup et c\u2019est incroyable d\u2019en apercevoir une partie, c\u2019est vraiment des r\u00e9sultats qu\u2019une qualit\u00e9 impressionnante et des rencontres g\u00e9niales que je n\u2019aurais pas pu faire dans mon quotidien.<\/span><\/i><\/p>\n<h5><b>QU&rsquo;EST-CE QUE TU AS PENS<\/b><b>\u00c9 <\/b><b>DE LA JOURN\u00c9E ?<\/b><\/h5>\n<p><i><span style=\"font-weight: 400;\">Au d\u00e9part j\u2019\u00e9tais quand m\u00eame un peu intimid\u00e9e parce que je n\u2019avais jamais shoot\u00e9 dans un autre cadre que Selfie\u2019s avec un enjeu de rendu pour une marque ! <\/span><\/i><i><span style=\"font-weight: 400;\">Je me mettais une petite pression mais honn\u00eatement tout le monde m\u2019a tout de suite mise \u00e0 l\u2019aise !<\/span><\/i><\/p>\n<p><i><span style=\"font-weight: 400;\">Miguel le photographe \u00e9tait super sympa et \u00e7a aide beaucoup pour se d\u00e9crisper et se laisser aller. Guillaume, le propri\u00e9taire de l\u2019Atelier M avait chauff\u00e9 la pi\u00e8ce o\u00f9 je me changeais, merci pour \u00e7a parce qu\u2019il faisait hyper froid dans le garage ! <\/span><\/i><i><span style=\"font-weight: 400;\">Et Caro me rassurait et me guidait ! Elle avait l\u2019air contente du r\u00e9sultat alors \u00e7a me motivait aussi beaucoup ! J<\/span><\/i><i><span style=\"font-weight: 400;\">\u2019attends le prochain photoshoot avec impatience ! ahaha !\u00a0<\/span><\/i><\/p>\n<h5><b>AVAIS-TU D<\/b><b>\u00c9JA SHOOT<\/b><b>\u00c9 AVEC LA TEHNIQUE DU BULLET TIME ?<\/b><\/h5>\n<p><i><span style=\"font-weight: 400;\">Le Bullet Time ? Non jamais\u00a0! C\u2019\u00e9tait une premi\u00e8re et c\u2019est vraiment impressionnant au d\u00e9part je savais pas trop quel appareil regarder parmis les 16 braqu\u00e9 sur moi ! Mais au fur et \u00e0 mesure j\u2019ai pris mes marques\u00a0! J\u2019avais vu un peu ce genre de rendus sur Instagram et c\u2019\u00e9tait int\u00e9ressant de voir le processus en vrai et de se rendre compte de tout le travail qu\u2019il y a derri\u00e8re\u00a0!<\/span><\/i><\/p>\n<div class=\"is-divider divider clearfix\" ><\/div>\n<div class=\"container section-title-container\" ><h2 class=\"section-title section-title-normal\"><b aria-hidden=\"true\"><\/b><span class=\"section-title-main\" >Miguel : le photographe<\/span><b aria-hidden=\"true\"><\/b><\/h2><\/div>\n<h5><strong>QUEL GENRE DE PHOTOGRAPHE ES TU ?<\/strong><\/h5>\n<p><i><span style=\"font-weight: 400;\">Salut Caro ! <\/span><\/i><i><span style=\"font-weight: 400;\">Je suis Miguel Ramos, photographe professionnel sur Bordeaux depuis bient\u00f4t 4 ans. Je r\u00e9alise principalement mes prestations aupr\u00e8s des professionnels: du portrait corporate en passant par le reportage, la photo de produit et les illustrations commerciale. A c\u00f4t\u00e9 de ce travail, je r\u00e9alise une photographie plus personnelle et artistique naviguant entre le portrait et le paysage. Mais ce qui me caract\u00e9riserait le plus serait que je recherche toujours de nouvelles mani\u00e8res de produire des images. Mon dernier projet en date ? C&rsquo;est <a href=\"http:\/\/orbit-studio.fr\/\" target=\"_blank\" rel=\"noopener\">L&rsquo;Orbit Studio<\/a> qui propose toute une panoplie cr\u00e9ative autour du Bullet Time que l\u2019on a utilis\u00e9 ici !<\/span><\/i><\/p>\n<h5><strong>LE BULLET TIME ? QU&rsquo;EST-CE QUE C&rsquo;EST ?<\/strong><\/h5>\n<p><i><span style=\"font-weight: 400;\">Le Bullet time c&rsquo;est, pour faire simple, c&rsquo;est <a href=\"https:\/\/www.youtube.com\/watch?v=3c8Dl2c1whM\" target=\"_blank\" rel=\"noopener\">l&rsquo;effet Matrix<\/a> que tout le monde conna\u00eet ! Un instant fig\u00e9 et une \u00ab\u00a0camera\u00a0\u00bb qui tourne autour de sujet. Un effet 3D impressionnant. Si le concept final est simple, le proc\u00e9d\u00e9 est assez complexe comme tu as pu t&rsquo;en rendre compte lors de notre shooting <\/span><\/i><span style=\"font-weight: 400;\">\ud83d\ude42<\/span><\/p>\n<p><i><span style=\"font-weight: 400;\">En gros, il s&rsquo;agit d&rsquo;aligner plusieurs appareils photos identiques (ici 16 mais je peux en d\u00e9ployer 24!) autour du sujet \u00e0 photographier et ceux-ci d\u00e9clenchent tous en m\u00eame temps on obtient donc une s\u00e9rie de photos d&rsquo;un m\u00eame sujet au m\u00eame instant mais avec autant d&rsquo;angles que d&rsquo;appareils. On obtient une vid\u00e9o o\u00f9 on tourne litt\u00e9ralement autour du sujet, comme une vision 3D.<\/span><\/i><\/p>\n<p><i><span style=\"font-weight: 400;\">Ce type d&rsquo;installation fait son effet aussi bien pour des animations \u00e9v\u00e9nementielles et des mariages sous forme de photobooth mais \u00e9galement pour la mode et la production audio-visuelle&#8230;Visuellement, les possibilit\u00e9s sont quasi illimit\u00e9es !<\/span><\/i><\/p>\n<h5><strong>C&rsquo;EST QUOI LE + DE CETTE TECHNIQUE ?<\/strong><\/h5>\n<p><i><span style=\"font-weight: 400;\">Clairement du fun, un impact visuel fort et une nouvelle dimension \u00e0 la photo de mode. L&rsquo;effet est dynamique et offre plein de possibilit\u00e9 visuelles innovantes. Figer un mouvement et tourner autour, dans le cadre de la photo de mode c&rsquo;est super car tu peux voir sous plusieurs angles comment tombe un v\u00eatement par exemple. L&rsquo;id\u00e9e est \u00e9galement de proposer aux marques des contenus originaux.<\/span><\/i><\/p>\n<h5><b>COMMENT \u00c9TAIT LE PHOTOSHOOT ?<\/b><\/h5>\n<p><i><span style=\"font-weight: 400;\">Hormis la super ambiance qu&rsquo;il y avait ce jour l\u00e0, et l&rsquo;accueil g\u00e9nial de L&rsquo;atelier M de Guillaume dans son superbe custom garage, c&rsquo;est le fait que Marie ce soit vite adapt\u00e9e \u00e0 l&rsquo;exercice. Elle a vite oubli\u00e9 qu&rsquo;il s&rsquo;agissait d&rsquo;un photoshoot et a su jouer et s&rsquo;\u00e9clater avec les objectifs, du pur fun! <\/span><\/i><span style=\"font-weight: 400;\">\ud83d\ude09<\/span><i><span style=\"font-weight: 400;\"> Du coup, \u00e7a se voit sur les vid\u00e9os !<\/span><\/i><\/p>\n<div class=\"is-divider divider clearfix\" ><\/div>\n<div class=\"container section-title-container\" ><h2 class=\"section-title section-title-normal\"><b aria-hidden=\"true\"><\/b><span class=\"section-title-main\" >Guillaume - l'Atelier M<\/span><b aria-hidden=\"true\"><\/b><\/h2><\/div>\n<h5><b>PR\u00c9SENTE\u00a0TOI ET PARLE NOUS DE TON ATELIER M !<\/b><\/h5>\n<p><i><span style=\"font-weight: 400;\">Je m&rsquo;appelle Guillaume j&rsquo;ai 32 ans et je suis le cr\u00e9ateur de <a href=\"https:\/\/www.facebook.com\/lateliermbordeaux\/\" target=\"_blank\" rel=\"noopener\">l&rsquo;Atelier M<\/a>. <\/span><\/i><i><span style=\"font-weight: 400;\">J&rsquo;ai commenc\u00e9 la moto \u00e0 l&rsquo;\u00e2ge de 7 ans, et elle ne m&rsquo;a jamais quitt\u00e9. <\/span><\/i><i><span style=\"font-weight: 400;\">Apr\u00e8s une formation professionnelle de technicien poids lourds puis de commercial dans l&rsquo;automobile, j&rsquo;ai souhait\u00e9 reprendre les \u00e9tudes pour cr\u00e9er mon atelier moto.<\/span><\/i><\/p>\n<p><i><span style=\"font-weight: 400;\">En 2016, je me suis mis en chasse d&rsquo;un local, et 6 mois plus tard, j&rsquo;installais l&rsquo;Atelier M dans cet ancien moulin \u00e0 eau, du bas Mad\u00e8re \u00e0 Villenave d&rsquo;Ornon.\u00a0 <\/span><\/i><i><span style=\"font-weight: 400;\">Marc, mon ami et plus vieil employ\u00e9 m&rsquo;a rejoint tr\u00e8s rapidement vu l&rsquo;explosion de l&rsquo;activit\u00e9.<\/span><\/i><\/p>\n<p><i><span style=\"font-weight: 400;\">Malheureusement, 1 an apr\u00e8s l&rsquo;ouverture de l&rsquo;atelier, j\u2019incin\u00e9rais\u00a0mon p\u00e8re et je reprenais son restaurant de Bordeaux Nord, en parall\u00e8le du garage.\u00a0<\/span><\/i><i><span style=\"font-weight: 400;\">Apr\u00e8s avoir redress\u00e9 l&rsquo;\u00e9tablissement, je l&rsquo;ai revendu pour me consacrer \u00e0 100% \u00e0 l&rsquo;Atelier M.\u00a0<\/span><\/i><\/p>\n<p><i><span style=\"font-weight: 400;\">Apr\u00e8s 3 ans d&rsquo;activit\u00e9, j&rsquo;obtenais un nouveau local dans le b\u00e2timent dont je r\u00eavais juste en face de notre vieux moulin. Depuis un an que nous sommes dans ce nouveau local, il ne cesse d&rsquo;\u00eatre am\u00e9lior\u00e9, perfectionn\u00e9 et devient de plus en plus efficient. Paul (alternant BTS) et Luca (en reconversion), nous ont rejoint respectivement depuis Septembre 2019 et Janvier 2020 pour grossir notre \u00e9quipe.<\/span><\/i><\/p>\n<h5><strong>POURQUOI CE NOM ?<\/strong><\/h5>\n<p><i><span style=\"font-weight: 400;\">J&rsquo;ai appel\u00e9 mon garage <a href=\"https:\/\/lateliermbdx.business.site\/\" target=\"_blank\" rel=\"noopener\">l&rsquo;Atelier M<\/a>, car j&rsquo;aime TOUTES les motos et que chez nous il n&rsquo;y a pas de clivages.\u00a0<\/span><\/i><i><span style=\"font-weight: 400;\">Ma philosophie, mes choix de vie, font que j&rsquo;aime r\u00e9parer ce qui est cass\u00e9, entretenir et perfectionner ce qui est perfectible. <\/span><\/i><i><span style=\"font-weight: 400;\">J&rsquo;aime l&rsquo;humain, le commerce local, la vie du quartier et par dessus tout, j&rsquo;aime voyager (autant que possible \u00e0 moto). C\u2019est l&rsquo;ADN de l&rsquo;Atelier M.<\/span><\/i><\/p>\n<h5><i><b>C&rsquo;EST QUOI UNE JOURN\u00c9E TYPE A L&rsquo;ATELIER M ?<\/b><\/i><\/h5>\n<p><i><span style=\"font-weight: 400;\">Il n&rsquo;y a pas de journ\u00e9e type \u00e0 l&rsquo;Atelier M : chaque dossier, chaque jour est diff\u00e9rent. Certaines t\u00e2ches reviennent r\u00e9guli\u00e8rement (\u00e7a c&rsquo;est l&rsquo;acabit du chef d&rsquo;entreprise&#8230;) mais d&rsquo;ordre g\u00e9n\u00e9ral, les jours se suivent et ne se ressemblent pas. D&rsquo;ailleurs tant mieux, et c&rsquo;est mon r\u00f4le que de faire en sorte que cela continue comme \u00e7a, se r\u00e9inventer chaque jour, s&rsquo;am\u00e9liorer, se r\u00e9parer, se d\u00e9velopper &#8230;<\/span><\/i><\/p>\n<h5><b>TA VISION DE LA MOTO A BORDEAUX ?<\/b><\/h5>\n<p><i><span style=\"font-weight: 400;\">Il y a pas mal d&rsquo;\u00e9v\u00e9nements et de mouvements, de toutes philosophies confondues. Les gens se connaissent, se croisent et se recroisent. L&rsquo;ambiance g\u00e9n\u00e9rale est bonne ! <\/span><\/i><i><span style=\"font-weight: 400;\">Avec des potes, on a cr\u00e9\u00e9 l&rsquo;association <a href=\"https:\/\/www.facebook.com\/notredamemoto\" target=\"_blank\" rel=\"noopener\">Notre Dame Moto<\/a> \u00e0 la suite du premier <a href=\"https:\/\/www.gentlemansride.com\/\" target=\"_blank\" rel=\"noopener\">Distinguished Gentleman&rsquo;s Ride de Bordeaux<\/a>. Au d\u00e9but simple garage partag\u00e9 entre pote, puis garage asso \u00e0 Villenave d&rsquo;Ornon.<\/span><\/i><\/p>\n<p><i><span style=\"font-weight: 400;\">Depuis, nous organisons tous les ans en septembre <a href=\"https:\/\/www.facebook.com\/events\/387995965447507\/\" target=\"_blank\" rel=\"noopener\">La R\u00e9guli\u00e8re<\/a> : une course d&rsquo;orientation \u00e0 moto ou il fait bon se perdre et le DGR Parade : balade au profil des maladie masculines. <\/span><\/i><i><span style=\"font-weight: 400;\">Avec tout \u00e7a, on esp\u00e8re cr\u00e9er du lien et f\u00e9d\u00e9rer au maximum les motards de Bordeaux, autour de nobles causes ou de simples vir\u00e9es endiabl\u00e9es. Mais le mot d&rsquo;ordre reste \u00ab\u00a0Rouler\u00a0\u00bb ,ou rider comme disent les jeunes ;p !<\/span><\/i><\/p>\n<h5><b>L&rsquo;ATELIER QUI SE TRANSFORME EN STUDIO PHOTO, C\u2019\u00c9TAIT\u00a0COMMENT ?<\/b><\/h5>\n<p><i><span style=\"font-weight: 400;\">La journ\u00e9e a \u00e9t\u00e9 top, matos de ouf, mod\u00e8le canon, partenaire adorable, photographe tr\u00e8s cool (d&rsquo;ailleurs il m&rsquo;avait promis les photos de moi, bient\u00f4t peut-\u00eatre..!) \u00c0 quand vous voulez pour une nouvelle cession ! Ou m\u00eame juste pour boire un coup d&rsquo;ailleurs&#8230; !<\/span><\/i><\/p>","protected":false},"excerpt":{"rendered":"<p>Bullet time avec eudoxie Nouveau photoshoot pour Eudoxie ! R\u00e9alis\u00e9 avec la technique du Bullet Time (ou effet matrix) avec plus de 16 appareils photos en s\u00e9rie par Miguel Ramos \u00e0 l&rsquo;Atelier M. Marie vous fait d\u00e9couvrir quelques pi\u00e8ces de la nouvelle collection en avant premi\u00e8re. Jersey, t-shirt en coton bio, crop top, pin&rsquo;s et &#8230;<\/p>","protected":false},"author":6,"featured_media":9357,"comment_status":"closed","ping_status":"open","sticky":false,"template":"","format":"standard","meta":{"footnotes":""},"categories":[296],"tags":[],"class_list":["post-9308","post","type-post","status-publish","format-standard","has-post-thumbnail","hentry","category-lifestyle"],"_links":{"self":[{"href":"https:\/\/eudoxie.shop\/es\/wp-json\/wp\/v2\/posts\/9308","targetHints":{"allow":["GET"]}}],"collection":[{"href":"https:\/\/eudoxie.shop\/es\/wp-json\/wp\/v2\/posts"}],"about":[{"href":"https:\/\/eudoxie.shop\/es\/wp-json\/wp\/v2\/types\/post"}],"author":[{"embeddable":true,"href":"https:\/\/eudoxie.shop\/es\/wp-json\/wp\/v2\/users\/6"}],"replies":[{"embeddable":true,"href":"https:\/\/eudoxie.shop\/es\/wp-json\/wp\/v2\/comments?post=9308"}],"version-history":[{"count":0,"href":"https:\/\/eudoxie.shop\/es\/wp-json\/wp\/v2\/posts\/9308\/revisions"}],"wp:featuredmedia":[{"embeddable":true,"href":"https:\/\/eudoxie.shop\/es\/wp-json\/wp\/v2\/media\/9357"}],"wp:attachment":[{"href":"https:\/\/eudoxie.shop\/es\/wp-json\/wp\/v2\/media?parent=9308"}],"wp:term":[{"taxonomy":"category","embeddable":true,"href":"https:\/\/eudoxie.shop\/es\/wp-json\/wp\/v2\/categories?post=9308"},{"taxonomy":"post_tag","embeddable":true,"href":"https:\/\/eudoxie.shop\/es\/wp-json\/wp\/v2\/tags?post=9308"}],"curies":[{"name":"wp","href":"https:\/\/api.w.org\/{rel}","templated":true}]}}